{"short_name":"Fabrice","name":"Fabrice Poincelet","icons":[{"src":"https:\/\/dvqlxo2m2q99q.cloudfront.net\/000_clients\/498516\/file\/img-0264-82d43f.jpg","sizes":"16x16","type":"image\/jpeg","purpose":"any maskable"}],"start_url":"\/","scope":"\/","display":"standalone","lang":"en","background_color":"transparent","description":"Photographe professionnel \u00e0 Paris et Auxerre, sp\u00e9cialiste en photographie de portrait, packshot pour le e-commerce, corporate, reportage, beaut\u00e9 ,de nature morte","orientation":"portrait-primary","theme_color":"transparent","related_applications":[{"platform":"web","url":"http:\/\/www.fabricepoincelet.net"}]}